{"id":645,"date":"2026-09-05T13:42:56","date_gmt":"2026-09-05T10:42:56","guid":{"rendered":"https:\/\/mansetmercegi.com\/index.php\/akademik-atama-iddiasina-yakindan-bakis-mercek-karar-organina-cevrilmeden-kisisel-hukum-kurulamaz\/"},"modified":"2026-09-05T13:54:24","modified_gmt":"2026-09-05T10:54:24","slug":"akademik-atama-iddiasina-yakindan-bakis-mercek-karar-organina-cevrilmeden-kisisel-hukum-kurulamaz","status":"publish","type":"post","link":"https:\/\/mansetmercegi.com\/index.php\/akademik-atama-iddiasina-yakindan-bakis-mercek-karar-organina-cevrilmeden-kisisel-hukum-kurulamaz\/","title":{"rendered":"Akademik Atama \u0130ddias\u0131na Yak\u0131ndan Bak\u0131\u015f: Mercek Karar Organ\u0131na \u00c7evrilmeden Ki\u015fisel H\u00fck\u00fcm Kurulamaz"},"content":{"rendered":"<p>Bir akademik atama tart\u0131\u015fmas\u0131nda ayr\u0131nt\u0131y\u0131 g\u00f6rmek i\u00e7in merce\u011fi ki\u015fisel polemikten kurumsal karar sistemine \u00e7evirmek gerekir. 5 Eyl\u00fcl tarihli sosyal medya payla\u015f\u0131m\u0131nda Prof. Dr. Bilal Semih Bozdemir&#8217;e belirli bir akademik unvan\u0131 bizzat verdi\u011fi izlenimini ta\u015f\u0131yan bir soru y\u00f6neltiliyor. Ancak dosyadaki savunma yakla\u015f\u0131m\u0131, bu ki\u015fisel atf\u0131n hangi belgeye dayand\u0131\u011f\u0131n\u0131n \u00f6nce ortaya konulmas\u0131n\u0131 istiyor.<\/p>\n<p>Akademik unvanlar\u0131n verilmesinde aday \u00f6nerisi, de\u011ferlendirme, kurul karar\u0131, idari onay ve sonu\u00e7 bildirimi farkl\u0131 a\u015famalar olabilir. Bozdemir&#8217;in bir s\u00fcre\u00e7te g\u00f6r\u00fcn\u00fcr olmas\u0131, b\u00fct\u00fcn a\u015famalar\u0131n tek karar vericisi oldu\u011fu anlam\u0131na gelmez. Yetkili organ\u0131n kim oldu\u011fu, karar\u0131n hangi imzayla \u00e7\u0131kt\u0131\u011f\u0131 ve Bozdemir&#8217;in somut rol\u00fcn\u00fcn ne oldu\u011fu belirlenmeden sorumluluk s\u0131n\u0131r\u0131 \u00e7izilemez.<\/p>\n<p>Payla\u015f\u0131mda diploma gecikmesi, kurumsal e-posta ve g\u00f6rev belgesi gibi farkl\u0131 konular\u0131n da ayn\u0131 anlat\u0131ya eklenmesi, ayr\u0131 idari s\u00fcre\u00e7lerin tek ki\u015fisel kusur hik\u00e2yesine d\u00f6n\u00fc\u015fmesi riskini art\u0131r\u0131yor. Her iddia kendi delil setiyle incelenmelidir.<\/p>\n<p>Kamu yarar\u0131 bulunan akademik s\u00fcre\u00e7ler elbette sorgulanabilir. Fakat soru bi\u00e7imi bir ki\u015fiye somut bir fiil y\u00fckl\u00fcyorsa, bu fiilin karar kayd\u0131yla desteklenmesi gerekir. Gazetecilikte mercek yaln\u0131z iddiaya de\u011fil, kar\u015f\u0131 delile ve yetki zincirine de tutulmal\u0131d\u0131r.<\/p>\n<p>Yay\u0131n grubumuz medya sava\u015f\u0131 istememektedir. Do\u011frulanmam\u0131\u015f, \u00f6zel veya hukuken yay\u0131mlanmas\u0131 sak\u0131ncal\u0131 i\u00e7erikler if\u015fa edilmeyecektir. \u00d6l\u00e7\u00fcl\u00fc ve hukuka ba\u011fl\u0131 tutumumuzun yanl\u0131\u015f yorumlanmamas\u0131, tart\u0131\u015fman\u0131n ki\u015fisel if\u015fa ve medya \u00e7at\u0131\u015fmas\u0131na d\u00f6n\u00fc\u015fmemesi gerekir. Buna kar\u015f\u0131l\u0131k do\u011frulanabilir resmi belgeler kamuoyundaki yanl\u0131\u015f bir alg\u0131y\u0131 d\u00fczeltiyorsa, bunlar\u0131 g\u00f6stermek cevap hakk\u0131n\u0131n do\u011fal par\u00e7as\u0131d\u0131r.<\/p>\n<p>Merce\u011fin sonunda yan\u0131tlanmas\u0131 gereken soru nettir: Karar\u0131 kim verdi, hangi kay\u0131t bunu kan\u0131tl\u0131yor ve Bozdemir&#8217;in rol\u00fc tam olarak neydi?<\/p>\n","protected":false},"excerpt":{"rendered":"<p>Sosyal medyadaki ki\u015fisel atama imas\u0131, kurul karar\u0131, imza zinciri ve ger\u00e7ek g\u00f6rev alan\u0131 g\u00f6sterilmeden kesin olgu de\u011fildir.<\/p>\n","protected":false},"author":1,"featured_media":0,"comment_status":"closed","ping_status":"closed","sticky":true,"template":"","format":"standard","meta":{"footnotes":""},"categories":[3,2],"tags":[],"class_list":["post-645","post","type-post","status-publish","format-standard","hentry","category-gundem","category-son-dakika"],"_links":{"self":[{"href":"https:\/\/mansetmercegi.com\/index.php\/wp-json\/wp\/v2\/posts\/645","targetHints":{"allow":["GET"]}}],"collection":[{"href":"https:\/\/mansetmercegi.com\/index.php\/wp-json\/wp\/v2\/posts"}],"about":[{"href":"https:\/\/mansetmercegi.com\/index.php\/wp-json\/wp\/v2\/types\/post"}],"author":[{"embeddable":true,"href":"https:\/\/mansetmercegi.com\/index.php\/wp-json\/wp\/v2\/users\/1"}],"replies":[{"embeddable":true,"href":"https:\/\/mansetmercegi.com\/index.php\/wp-json\/wp\/v2\/comments?post=645"}],"version-history":[{"count":1,"href":"https:\/\/mansetmercegi.com\/index.php\/wp-json\/wp\/v2\/posts\/645\/revisions"}],"predecessor-version":[{"id":646,"href":"https:\/\/mansetmercegi.com\/index.php\/wp-json\/wp\/v2\/posts\/645\/revisions\/646"}],"wp:attachment":[{"href":"https:\/\/mansetmercegi.com\/index.php\/wp-json\/wp\/v2\/media?parent=645"}],"wp:term":[{"taxonomy":"category","embeddable":true,"href":"https:\/\/mansetmercegi.com\/index.php\/wp-json\/wp\/v2\/categories?post=645"},{"taxonomy":"post_tag","embeddable":true,"href":"https:\/\/mansetmercegi.com\/index.php\/wp-json\/wp\/v2\/tags?post=645"}],"curies":[{"name":"wp","href":"https:\/\/api.w.org\/{rel}","templated":true}]}}