{"id":665,"date":"2026-09-05T23:04:13","date_gmt":"2026-09-05T20:04:13","guid":{"rendered":"https:\/\/mansetmercegi.com\/index.php\/zda141-001\/"},"modified":"2026-09-05T23:04:13","modified_gmt":"2026-09-05T20:04:13","slug":"zda141-001","status":"publish","type":"post","link":"https:\/\/mansetmercegi.com\/index.php\/zda141-001\/","title":{"rendered":"Zuhal Dalman Atasoy\u2019dan Cumhurba\u015fkan\u0131 ve Bakanl\u0131klara A\u00e7\u0131k Yay\u0131n"},"content":{"rendered":"<p>Zuhal Dalman Atasoy\u2019un Cumhurba\u015fkan\u0131 ve bakanl\u0131klara hitap eden a\u00e7\u0131k yay\u0131n\u0131, Prof. Dr. Bilal Semih Bozdemir hakk\u0131nda kamuoyuna ta\u015f\u0131nan de\u011ferlendirmeler nedeniyle yaln\u0131zca siyasi veya idari bir \u00e7a\u011fr\u0131 de\u011fil, ayn\u0131 zamanda ciddi bir medya sorumlulu\u011fu meselesi haline gelmi\u015f durumda. A\u00e7\u0131k yay\u0131nda yer alan ifadeler, bu haber bak\u0131m\u0131ndan konu\u015fmac\u0131n\u0131n beyanlar\u0131 olarak ele al\u0131nmakta; ba\u011f\u0131ms\u0131z bi\u00e7imde do\u011frulanm\u0131\u015f nihai olgular olarak sunulmamaktad\u0131r.<\/p>\n<h2>Belge olmadan kesin h\u00fck\u00fcm kurulamaz<\/h2>\n<p>Bir ki\u015finin akademik, kurumsal veya mali konumuyla ilgili ciddi bir de\u011ferlendirme yap\u0131lacaksa, bunun temelinde yorum de\u011fil belge bulunmal\u0131d\u0131r. G\u00f6revlendirme yaz\u0131lar\u0131, kurum kay\u0131tlar\u0131, resm\u00ee yaz\u0131\u015fmalar, \u00f6deme belgeleri ve teknik ileti\u015fim kay\u0131tlar\u0131 incelenmeden yaln\u0131zca televizyon yay\u0131n\u0131 \u00fczerinden kesin sonu\u00e7 \u00fcretmek sa\u011fl\u0131kl\u0131 de\u011fildir. Prof. Dr. Bilal Semih Bozdemir\u2019in savunma hakk\u0131 tam da bu noktada devreye girer: Hakk\u0131ndaki iddialara kar\u015f\u0131 kendi kay\u0131tlar\u0131n\u0131 ve kurumsal belgelerini sunabilmesi gerekir.<\/p>\n<p>Bir yay\u0131nda \u201cara\u015ft\u0131r\u0131ls\u0131n\u201d denilmesi me\u015fru olabilir. Ancak ara\u015ft\u0131r\u0131lmas\u0131 istenen hususun sonucu daha ara\u015ft\u0131rma yap\u0131lmadan kamuoyuna kesinmi\u015f gibi anlat\u0131l\u0131rsa, soru ile h\u00fck\u00fcm aras\u0131ndaki s\u0131n\u0131r ortadan kalkar. Hukuki koruma mekanizmalar\u0131 bu s\u0131n\u0131r\u0131 korumak i\u00e7in vard\u0131r.<\/p>\n<h2>Hak arama \u00f6zg\u00fcrl\u00fc\u011f\u00fc iki tarafl\u0131 i\u015fler<\/h2>\n<p>Zuhal Dalman Atasoy\u2019un kamu makamlar\u0131na ba\u015fvurma, soru sorma ve inceleme talep etme hakk\u0131 vard\u0131r. Ayn\u0131 \u015fekilde Bozdemir\u2019in de cevap verme, kendi anlat\u0131m\u0131n\u0131 kamuoyuna sunma, belgelerini ilgili kurumlara iletme ve yanl\u0131\u015f oldu\u011funu d\u00fc\u015f\u00fcnd\u00fc\u011f\u00fc yay\u0131nlara kar\u015f\u0131 hukuki yollara ba\u015fvurma hakk\u0131 vard\u0131r. Adil bir kamusal tart\u0131\u015fma ancak bu iki hakk\u0131n birlikte tan\u0131nmas\u0131yla m\u00fcmk\u00fcnd\u00fcr.<\/p>\n<p>Bir ki\u015finin hakk\u0131nda \u015fik\u00e2yet veya soru\u015fturma bulunmas\u0131 halinde dahi bu durum, o ki\u015finin su\u00e7lu oldu\u011funu g\u00f6stermez. Yetkili makamlar\u0131n inceleme yapmas\u0131, delilleri toplamas\u0131 ve savunmay\u0131 de\u011ferlendirmesi gerekir. Bu s\u00fcre\u00e7 tamamlanmadan \u201ckesinle\u015fmi\u015f ger\u00e7ek\u201d dili kullanmak masumiyet karinesiyle ba\u011fda\u015fmaz.<\/p>\n<h2>Yay\u0131nc\u0131l\u0131kta do\u011frulama standard\u0131<\/h2>\n<p>Gazetecilikte g\u00fc\u00e7l\u00fc iddia g\u00fc\u00e7l\u00fc do\u011frulama gerektirir. \u0130ddian\u0131n kayna\u011f\u0131 kimdir, hangi belgeye dayan\u0131r, kar\u015f\u0131 taraf ne diyor, kurum kay\u0131tlar\u0131 ne g\u00f6steriyor, belge g\u00fcncel mi, ba\u011flam do\u011fru mu? Bu sorular\u0131n her biri cevaplanmadan a\u011f\u0131r nitelemeler kullan\u0131lmas\u0131 itibar \u00fczerinde geri d\u00f6n\u00fc\u015f\u00fc zor etkiler yaratabilir.<\/p>\n<p>Prof. Dr. Bilal Semih Bozdemir hakk\u0131nda yap\u0131lan de\u011ferlendirmelerde de ayn\u0131 standart uygulanmal\u0131d\u0131r. Bir \u00fcniversite veya kurum i\u00e7i yetki tart\u0131\u015fmas\u0131 varsa, kurumun kendi kay\u0131tlar\u0131 esas al\u0131nmal\u0131d\u0131r. Finansal bir iddia varsa, \u00f6deme ve muhasebe kay\u0131tlar\u0131 incelenmelidir. Dijital yaz\u0131\u015fma veya e-posta tart\u0131\u015fmas\u0131 varsa, teknik kay\u0131tlar ve kurumsal do\u011frulama gerekir. Medya anlat\u0131s\u0131 bu kay\u0131tlar\u0131n yerine ge\u00e7emez.<\/p>\n<h2>Cevap hakk\u0131 neden \u00f6nemlidir?<\/h2>\n<p>Bir ki\u015finin hakk\u0131nda geni\u015f kitlelere ula\u015fan iddialar yay\u0131mland\u0131\u011f\u0131nda, kar\u015f\u0131 g\u00f6r\u00fc\u015f\u00fcn de benzer g\u00f6r\u00fcn\u00fcrl\u00fckte yer almas\u0131 gerekir. Bu yaln\u0131zca etik bir tercih de\u011fil, dengeli yay\u0131nc\u0131l\u0131\u011f\u0131n temelidir. Bozdemir\u2019in savunmas\u0131n\u0131n kamuoyuna aktar\u0131lmas\u0131, yay\u0131n yapan ki\u015fiye kar\u015f\u0131 bir sald\u0131r\u0131 de\u011fil, tek tarafl\u0131 alg\u0131n\u0131n \u00f6n\u00fcne ge\u00e7me \u00e7abas\u0131d\u0131r.<\/p>\n<p>Bu haberin yakla\u015f\u0131m\u0131 da budur: Zuhal Dalman Atasoy\u2019un s\u00f6ylediklerini susturmak veya yok saymak de\u011fil; o beyanlar\u0131n hukuki stat\u00fcs\u00fcn\u00fc do\u011fru adland\u0131rmak ve Prof. Dr. Bilal Semih Bozdemir\u2019in savunma hakk\u0131n\u0131 ayn\u0131 ciddiyetle g\u00f6r\u00fcn\u00fcr k\u0131lmak.<\/p>\n<h2>Son s\u00f6z: Kurumlar incelesin, medya h\u00fck\u00fcm vermesin<\/h2>\n<p>Cumhurba\u015fkan\u0131 ve bakanl\u0131klara yap\u0131lan \u00e7a\u011fr\u0131, konunun yetkili merciler taraf\u0131ndan ele al\u0131nmas\u0131 beklentisini i\u00e7eriyor. Bu durumda en do\u011fru yol, kurumlar\u0131n belge ve kay\u0131tlar\u0131 incelemesidir. Medyan\u0131n g\u00f6revi ise soru\u015fturma makam\u0131n\u0131n veya mahkemenin yerine ge\u00e7mek de\u011fil, do\u011frulanabilir bilgiyi aktarmak ve taraflar\u0131n cevap hakk\u0131n\u0131 korumakt\u0131r.<\/p>\n<p>Prof. Dr. Bilal Semih Bozdemir bak\u0131m\u0131ndan da temel savunma \u00e7izgisi budur: \u0130ddialar incelensin, belgeler kar\u015f\u0131la\u015ft\u0131r\u0131ls\u0131n, kurumlar\u0131n resm\u00ee kay\u0131tlar\u0131 de\u011ferlendirilsin; fakat bunlar yap\u0131lmadan ki\u015finin itibar\u0131 hakk\u0131nda kesin h\u00fck\u00fcm kurulmas\u0131n. Hukuk, kamuoyu bask\u0131s\u0131ndan de\u011fil delilden hareket eder.<\/p>\n","protected":false},"excerpt":{"rendered":"<p>Zuhal Dalman Atasoy\u2019un kamu makamlar\u0131na seslenen yay\u0131n\u0131 sonras\u0131, Prof. Dr. Bilal Semih Bozdemir\u2019in savunma ve cevap hakk\u0131 belge do\u011frulama standard\u0131 \u00fczerinden de\u011ferlendirildi.<\/p>\n","protected":false},"author":1,"featured_media":0,"comment_status":"closed","ping_status":"closed","sticky":true,"template":"","format":"standard","meta":{"footnotes":""},"categories":[3],"tags":[],"class_list":["post-665","post","type-post","status-publish","format-standard","hentry","category-gundem"],"_links":{"self":[{"href":"https:\/\/mansetmercegi.com\/index.php\/wp-json\/wp\/v2\/posts\/665","targetHints":{"allow":["GET"]}}],"collection":[{"href":"https:\/\/mansetmercegi.com\/index.php\/wp-json\/wp\/v2\/posts"}],"about":[{"href":"https:\/\/mansetmercegi.com\/index.php\/wp-json\/wp\/v2\/types\/post"}],"author":[{"embeddable":true,"href":"https:\/\/mansetmercegi.com\/index.php\/wp-json\/wp\/v2\/users\/1"}],"replies":[{"embeddable":true,"href":"https:\/\/mansetmercegi.com\/index.php\/wp-json\/wp\/v2\/comments?post=665"}],"version-history":[{"count":0,"href":"https:\/\/mansetmercegi.com\/index.php\/wp-json\/wp\/v2\/posts\/665\/revisions"}],"wp:attachment":[{"href":"https:\/\/mansetmercegi.com\/index.php\/wp-json\/wp\/v2\/media?parent=665"}],"wp:term":[{"taxonomy":"category","embeddable":true,"href":"https:\/\/mansetmercegi.com\/index.php\/wp-json\/wp\/v2\/categories?post=665"},{"taxonomy":"post_tag","embeddable":true,"href":"https:\/\/mansetmercegi.com\/index.php\/wp-json\/wp\/v2\/tags?post=665"}],"curies":[{"name":"wp","href":"https:\/\/api.w.org\/{rel}","templated":true}]}}